{"id":181919,"date":"2025-09-03T14:25:36","date_gmt":"2025-09-03T12:25:36","guid":{"rendered":"https:\/\/clinical.r-biopharm.com\/?p=181919"},"modified":"2025-09-08T09:34:35","modified_gmt":"2025-09-08T07:34:35","slug":"erhoehtes-ehec-aufkommen-in-mecklenburg-vorpommern","status":"publish","type":"post","link":"https:\/\/clinical.r-biopharm.com\/de\/news\/erhoehtes-ehec-aufkommen-in-mecklenburg-vorpommern\/","title":{"rendered":"Erh\u00f6htes EHEC-Aufkommen in Mecklenburg-Vorpommern"},"content":{"rendered":"\n<h2 class=\"wp-block-heading\">Aktuelle Situation:<\/h2>\n\n\n\n<p>In den vergangenen Tagen sorgt ein erh\u00f6htes Aufkommen von EHEC-Infektionen in Mecklenburg-Vorpommern f\u00fcr Besorgnis. Die Erkrankung, ausgel\u00f6st durch bestimmte St\u00e4mme des Bakteriums Escherichia coli, kann insbesondere bei Kindern und immungeschw\u00e4chten Personen zu schweren Komplikationen f\u00fchren. Eine fr\u00fchzeitige Diagnose und gezielte Pr\u00e4ventionsma\u00dfnahmen sind daher von hoher Bedeutung, um die Ausbreitung einzud\u00e4mmen und die Bev\u00f6lkerung bestm\u00f6glich zu sch\u00fctzen. Im Folgenden erfahren Sie, wie R-Biopharm mit ihren Produkten zum einen aus dem Bereich der klinischen Diagnostik als auch aus der Lebensmittelanalytik dabei unterst\u00fctzt.<\/p>\n\n\n\n<div style=\"height:50px\" aria-hidden=\"true\" class=\"wp-block-spacer\"><\/div>\n\n\n\n<h2 class=\"wp-block-heading\">So unterst\u00fctzt R-Biopharm mit diagnostischen L\u00f6sungen<\/h2>\n\n\n<div class=\"wp-block-image\">\n<figure class=\"alignright size-full is-resized\"><img loading=\"lazy\" decoding=\"async\" width=\"669\" height=\"605\" src=\"https:\/\/clinical.r-biopharm.com\/wp-content\/uploads\/2025\/09\/ecoli-portfolio.jpg\" alt=\"\" class=\"wp-image-181947\" style=\"width:435px;height:auto\" srcset=\"https:\/\/clinical.r-biopharm.com\/wp-content\/uploads\/2025\/09\/ecoli-portfolio.jpg 669w, https:\/\/clinical.r-biopharm.com\/wp-content\/uploads\/2025\/09\/ecoli-portfolio-300x271.jpg 300w\" sizes=\"auto, (max-width: 669px) 100vw, 669px\" \/><\/figure>\n<\/div>\n\n\n<h3 class=\"wp-block-heading\">RIDA\u00aeGENE\/RIDA\u00aeUNITY &#8211; besonders umf\u00e4ngliches E. coli Portfolio<\/h3>\n\n\n\n<p>Die RIDA\u00aeGENE\/RIDA\u00aeUNITY <em>E. coli<\/em>-Tests decken die wichtigsten pathogenen <em>E. coli<\/em> ab und erm\u00f6glichen den Nachweis der Virulenzfaktoren mittels real-time PCR aus Stuhl und Kultur.<\/p>\n\n\n\n<p>F\u00fcr ein Screening auf EHEC-Infektionen bieten wir eine L\u00f6sung f\u00fcr die manuelle (PG2205) und vollautomatisierte (UN2205) Abarbeitung mit dem EHEC\/EPEC Assay (STEC, EHEC, EPEC und EIEC\/Shigella spp.). Einen gesamten \u00dcberblick \u00fcber die verschiedenen <em>E. coli<\/em> Gruppen kann man mit weiterene <em>E. coli<\/em> Assays der RIDA\u00aeFAMILY gewinnen (siehe Abbildung).<\/p>\n\n\n\n<p>Alle <a href=\"https:\/\/clinical.r-biopharm.com\/wp-content\/uploads\/2022\/07\/PCR_Ubersicht_4p_DE_2024-05.pdf\" target=\"_blank\" rel=\"noreferrer noopener\">RIDA\u00aeGENE<\/a> \/<a href=\"https:\/\/clinical.r-biopharm.com\/de\/ridaunity-system\/\" target=\"_blank\" rel=\"noreferrer noopener\">RIDA\u00aeUNITY<\/a> Assays sind dank ihres einheitlichen Workflows und PCR-Profils einfach kombinierbar und erm\u00f6glichen mit weiteren GI Assays eine syndromische Teststrategie. Die Ergebnisse k\u00f6nnen mithilfe der RIDA\u00aeSEEK automatisiert interpretiert und dokumentiert werden.<\/p>\n\n\n\n<h3 class=\"wp-block-heading\">Ausblick: Eine weitere Zeitersparnis durch PCR <\/h3>\n\n\n\n<p>Detailliertere Bestimmung der <em>stx2<\/em> positiven Proben mit einem <strong>Shiga Toxin 2 Typing<\/strong> Assay. Damit kann zeitnah gekl\u00e4rt werden, ob ein relevanter <em>stx2<\/em> Subtyp, der mit einem erh\u00f6htes HUS Risiko assoziiert ist, vorliegt.<\/p>\n\n\n\n<h3 class=\"wp-block-heading\">SureFast\u00ae Mikrobiologie real-time PCR Kits \u2013 Nachweis von pathogenen <em>E. coli<\/em> in Lebensmitteln<\/h3>\n\n\n\n<p>Die vielseitigen SureFast\u00ae Screening-Kits erm\u00f6glichen eine schnelle und zuverl\u00e4ssige Detektion zentraler Virulenzfaktoren wie stx1, stx2, eae oder ipaH in angereicherten Lebensmittelproben.<\/p>\n\n\n\n<p>Besonders effizient ist das SureFast\u00ae STEC 4plex ONE, das eine zeitsparende Extraktion und gleichzeitige Detektion der Escherichia coli-Virulenzfaktoren stx1 (Subtypen a\u2013d), stx2 (Subtypen a\u2013g), eae sowie des Serotyps O157 erlaubt.<\/p>\n\n\n\n<p>Im Falle eines positiven Befundes bieten die beiden Serotypen-Kits SureFast\u00ae Escherichia coli Serotype I &amp; II eine pr\u00e4zise Identifizierung der wichtigsten EHEC-Serotypen. Dies erm\u00f6glicht eine fundierte Risikoabsch\u00e4tzung sowie eine gezielte R\u00fcckverfolgung. Neben der bekannten Serogruppe O157 erfassen die Multiplex-Kits auch die relevanten St\u00e4mme O26, O45, O103, O111, O121 und O145.<a id=\"_msocom_1\"><\/a><\/p>\n\n\n\n<div class=\"wp-block-buttons is-layout-flex wp-block-buttons-is-layout-flex\">\n<div class=\"wp-block-button is-style-fill\"><a class=\"wp-block-button__link has-black-color has-luminous-vivid-amber-background-color has-text-color has-background has-link-color wp-element-button\" href=\"https:\/\/food.r-biopharm.com\/de\/highlights\/surefast-one-qpcr-kits-for-reliable-detection-of-food-pathogens-now-aoac-microval-certified\/\" style=\"border-radius:0px\" target=\"_blank\" rel=\"noreferrer noopener\">Highlight Seite SureFast\u00ae ONE qPCR kits<\/a><\/div>\n<\/div>\n\n\n\n<div class=\"wp-block-buttons is-layout-flex wp-block-buttons-is-layout-flex\">\n<div class=\"wp-block-button is-style-fill\"><a class=\"wp-block-button__link has-black-color has-luminous-vivid-amber-background-color has-text-color has-background has-link-color wp-element-button\" href=\"https:\/\/food.r-biopharm.com\/de\/r-biomedia\/real-time-pcr-nachweis-von-e-coli\/\" style=\"border-radius:0px\" target=\"_blank\" rel=\"noreferrer noopener\">Flyer SureFast\u00ae ONE qPCR kits<\/a><\/div>\n<\/div>\n\n\n\n<div style=\"height:50px\" aria-hidden=\"true\" class=\"wp-block-spacer\"><\/div>\n\n\n\n<h2 class=\"wp-block-heading\">Hintergrund: Schnelle und sichere Diagnose mit PCR in der klinischen Diagnostik<\/h2>\n\n\n\n<p><em>E. coli<\/em> Bakterien k\u00f6nnen eine Reihe verschiedener Virulenzfaktoren aufweisen, durch welche sie f\u00fcr den Menschen pathogen sind. Die Differenzierung der pathogenen E.coli St\u00e4mme ist erforderlich, da sich die Behandlung und m\u00f6gliche Komplikationen, sowie abzuleitende Kontroll- und Pr\u00e4ventionsma\u00dfnahmen von Ausbr\u00fcchen unterscheiden.<\/p>\n\n\n\n<p>Enteroh\u00e4morrhagischen <em>E. coli<\/em> (EHEC) sind humanpathogene STEC (Shiga Toxin bildende <em>E. coli<\/em>). Sie besitzen neben den Genen <em>stx1<\/em> und <em>stx2<\/em>, welche die Shiga-Toxine kodiert, weitere Virulenzfaktoren wie das eae-Gen. Bei 10&nbsp;\u2013&nbsp;20&nbsp;% der EHEC-Infektionen entwickelt sich als schwere Verlaufsform eine h\u00e4morrhagische Kolitis mit krampfartigen Abdominalschmerzen, blutigem Stuhl und teilweise Fieber. Eine weitere schwerwiegende Komplikation, die immer h\u00e4ufiger (etwa 5 \u2013 10 % der symptomatischen EHEC-Infektionen, insbesondere bei Kindern) auftritt, ist das h\u00e4molytisch-ur\u00e4mische Syndrom (HUS). HUS ist der h\u00e4ufigste Grund f\u00fcr akutes Nierenversagen im Kindesalter und erfordert h\u00e4ufig eine vor\u00fcbergehende Dialysebehandlung und eine intensivere \u00dcberwachung (RKI-Ratgeber).<\/p>\n\n\n\n<div style=\"height:50px\" aria-hidden=\"true\" class=\"wp-block-spacer\"><\/div>\n\n\n\n<h2 class=\"wp-block-heading\">Wann sollte auf eine <em>E. coli<\/em> Infektion getestet werden?<\/h2>\n\n\n\n<p>EHEC-Infektionen sollten bei Verdacht (blutige Diarrh\u00f6, h\u00e4molytische An\u00e4mie, Thrombozytenabfall), Ausbr\u00fcchen von Gastroenteritis sowie bei jeder akuten Gastroenteritis im Kindesalter, Personen die im Lebensmittelbereich t\u00e4tig sind oder Gemeinschaftseinrichtungen besuchen differenzialdiagnostisch ber\u00fccksichtigt werden.<\/p>\n\n\n\n<p>Zudem sollten Patienten mit Verdacht auf HUS, sowie Kontaktpersonen von Patienten mit HUS und p\u00e4diatrische Patienten mit akutem Nierenversagen getestet werden. In den meisten L\u00e4ndern besteht eine Meldepflicht f\u00fcr EHEC und andere humanpathogene St\u00e4mme sowie bei Verdacht auf oder Erkrankung an HUS.<\/p>\n\n\n\n<p>Schwere EHEC-Erkrankungen und HUS werden fast ausschlie\u00dflich durch <em>stx2<\/em> positive EHEC verursacht, sodass eine Differenzierung der Toxingene mittels PCR-Assay vom RKI empfohlen wird. Dies tr\u00e4gt der Risikobewertung eines schweren Krankheitsverlaufs und ggf. intensiveren \u00dcberwachung sowie einer fr\u00fchzeitigen Intervention zur Pr\u00e4vention von HUS bei. Zudem empfiehlt das RKI den stx2 Nachweis bei den Wiederzulassungskriterien zu Gemeinschaftseinrichtungen zu ber\u00fccksichtigen.<\/p>\n\n\n\n<div style=\"height:50px\" aria-hidden=\"true\" class=\"wp-block-spacer\"><\/div>\n\n\n\n<h2 class=\"wp-block-heading\">Mehr erfahren<\/h2>\n\n\n\n<div class=\"wp-block-buttons is-layout-flex wp-block-buttons-is-layout-flex\">\n<div class=\"wp-block-button\"><a class=\"wp-block-button__link has-black-color has-luminous-vivid-amber-background-color has-text-color has-background has-link-color wp-element-button\" href=\"https:\/\/share.hsforms.com\/1fskQAzugQaeGpyoX-Mtj9w2vkjv\" style=\"border-radius:0px\" target=\"_blank\" rel=\"noreferrer noopener\">Informationen anfordern<\/a><\/div>\n<\/div>\n\n\n\n<p><\/p>\n","protected":false},"excerpt":{"rendered":"<p>Aktuelle Situation: In den vergangenen Tagen sorgt ein erh\u00f6htes Aufkommen von EHEC-Infektionen in Mecklenburg-Vorpommern f\u00fcr Besorgnis. Die Erkrankung, ausgel\u00f6st durch bestimmte St\u00e4mme des Bakteriums Escherichia coli, kann insbesondere bei Kindern und immungeschw\u00e4chten Personen zu schweren Komplikationen f\u00fchren. Eine fr\u00fchzeitige Diagnose und gezielte Pr\u00e4ventionsma\u00dfnahmen sind daher von hoher Bedeutung, um die Ausbreitung einzud\u00e4mmen und die Bev\u00f6lkerung [&hellip;]<\/p>\n","protected":false},"author":1190,"featured_media":181920,"comment_status":"closed","ping_status":"closed","sticky":false,"template":"","format":"standard","meta":{"_acf_changed":false,"content-type":"","_relevanssi_hide_post":"","_relevanssi_hide_content":"","_relevanssi_pin_for_all":"","_relevanssi_pin_keywords":"","_relevanssi_unpin_keywords":"","_relevanssi_related_keywords":"","_relevanssi_related_include_ids":"","_relevanssi_related_exclude_ids":"","_relevanssi_related_no_append":"","_relevanssi_related_not_related":"","_relevanssi_related_posts":"86569,88101,96530,96581,53517,56024","_relevanssi_noindex_reason":"","footnotes":""},"categories":[2],"tags":[],"class_list":["post-181919","post","type-post","status-publish","format-standard","has-post-thumbnail","hentry","category-sonstige"],"acf":[],"yoast_head":"<!-- This site is optimized with the Yoast SEO plugin v27.4 - https:\/\/yoast.com\/product\/yoast-seo-wordpress\/ -->\n<title>Erh\u00f6htes EHEC-Aufkommen in Mecklenburg-Vorpommern - Clinical Diagnostics<\/title>\n<meta name=\"robots\" content=\"index, follow, max-snippet:-1, max-image-preview:large, max-video-preview:-1\" \/>\n<link rel=\"canonical\" href=\"https:\/\/clinical.r-biopharm.com\/de\/news\/erhoehtes-ehec-aufkommen-in-mecklenburg-vorpommern\/\" \/>\n<meta property=\"og:locale\" content=\"de_DE\" \/>\n<meta property=\"og:type\" content=\"article\" \/>\n<meta property=\"og:title\" content=\"Erh\u00f6htes EHEC-Aufkommen in Mecklenburg-Vorpommern - Clinical Diagnostics\" \/>\n<meta property=\"og:description\" content=\"Aktuelle Situation: In den vergangenen Tagen sorgt ein erh\u00f6htes Aufkommen von EHEC-Infektionen in Mecklenburg-Vorpommern f\u00fcr Besorgnis. Die Erkrankung, ausgel\u00f6st durch bestimmte St\u00e4mme des Bakteriums Escherichia coli, kann insbesondere bei Kindern und immungeschw\u00e4chten Personen zu schweren Komplikationen f\u00fchren. Eine fr\u00fchzeitige Diagnose und gezielte Pr\u00e4ventionsma\u00dfnahmen sind daher von hoher Bedeutung, um die Ausbreitung einzud\u00e4mmen und die Bev\u00f6lkerung [&hellip;]\" \/>\n<meta property=\"og:url\" content=\"https:\/\/clinical.r-biopharm.com\/de\/news\/erhoehtes-ehec-aufkommen-in-mecklenburg-vorpommern\/\" \/>\n<meta property=\"og:site_name\" content=\"Clinical Diagnostics\" \/>\n<meta property=\"article:published_time\" content=\"2025-09-03T12:25:36+00:00\" \/>\n<meta property=\"article:modified_time\" content=\"2025-09-08T07:34:35+00:00\" \/>\n<meta property=\"og:image\" content=\"https:\/\/clinical.r-biopharm.com\/wp-content\/uploads\/2025\/09\/2025-09_website_news-bilder_ehec-e.-coli.jpg\" \/>\n\t<meta property=\"og:image:width\" content=\"930\" \/>\n\t<meta property=\"og:image:height\" content=\"339\" \/>\n\t<meta property=\"og:image:type\" content=\"image\/jpeg\" \/>\n<meta name=\"author\" content=\"Simon Schleifer\" \/>\n<meta name=\"twitter:label1\" content=\"Verfasst von\" \/>\n\t<meta name=\"twitter:data1\" content=\"Simon Schleifer\" \/>\n\t<meta name=\"twitter:label2\" content=\"Gesch\u00e4tzte Lesezeit\" \/>\n\t<meta name=\"twitter:data2\" content=\"4\u00a0Minuten\" \/>\n<script type=\"application\/ld+json\" class=\"yoast-schema-graph\">{\"@context\":\"https:\\\/\\\/schema.org\",\"@graph\":[{\"@type\":\"Article\",\"@id\":\"https:\\\/\\\/clinical.r-biopharm.com\\\/de\\\/news\\\/erhoehtes-ehec-aufkommen-in-mecklenburg-vorpommern\\\/#article\",\"isPartOf\":{\"@id\":\"https:\\\/\\\/clinical.r-biopharm.com\\\/de\\\/news\\\/erhoehtes-ehec-aufkommen-in-mecklenburg-vorpommern\\\/\"},\"author\":{\"name\":\"Simon Schleifer\",\"@id\":\"https:\\\/\\\/clinical.r-biopharm.com\\\/fr\\\/#\\\/schema\\\/person\\\/7ed897ab7a7e5c9edc6e317067a5ee66\"},\"headline\":\"Erh\u00f6htes EHEC-Aufkommen in Mecklenburg-Vorpommern\",\"datePublished\":\"2025-09-03T12:25:36+00:00\",\"dateModified\":\"2025-09-08T07:34:35+00:00\",\"mainEntityOfPage\":{\"@id\":\"https:\\\/\\\/clinical.r-biopharm.com\\\/de\\\/news\\\/erhoehtes-ehec-aufkommen-in-mecklenburg-vorpommern\\\/\"},\"wordCount\":729,\"image\":{\"@id\":\"https:\\\/\\\/clinical.r-biopharm.com\\\/de\\\/news\\\/erhoehtes-ehec-aufkommen-in-mecklenburg-vorpommern\\\/#primaryimage\"},\"thumbnailUrl\":\"https:\\\/\\\/clinical.r-biopharm.com\\\/wp-content\\\/uploads\\\/2025\\\/09\\\/2025-09_website_news-bilder_ehec-e.-coli.jpg\",\"articleSection\":[\"Sonstige\"],\"inLanguage\":\"de\"},{\"@type\":\"WebPage\",\"@id\":\"https:\\\/\\\/clinical.r-biopharm.com\\\/de\\\/news\\\/erhoehtes-ehec-aufkommen-in-mecklenburg-vorpommern\\\/\",\"url\":\"https:\\\/\\\/clinical.r-biopharm.com\\\/de\\\/news\\\/erhoehtes-ehec-aufkommen-in-mecklenburg-vorpommern\\\/\",\"name\":\"Erh\u00f6htes EHEC-Aufkommen in Mecklenburg-Vorpommern - Clinical Diagnostics\",\"isPartOf\":{\"@id\":\"https:\\\/\\\/clinical.r-biopharm.com\\\/fr\\\/#website\"},\"primaryImageOfPage\":{\"@id\":\"https:\\\/\\\/clinical.r-biopharm.com\\\/de\\\/news\\\/erhoehtes-ehec-aufkommen-in-mecklenburg-vorpommern\\\/#primaryimage\"},\"image\":{\"@id\":\"https:\\\/\\\/clinical.r-biopharm.com\\\/de\\\/news\\\/erhoehtes-ehec-aufkommen-in-mecklenburg-vorpommern\\\/#primaryimage\"},\"thumbnailUrl\":\"https:\\\/\\\/clinical.r-biopharm.com\\\/wp-content\\\/uploads\\\/2025\\\/09\\\/2025-09_website_news-bilder_ehec-e.-coli.jpg\",\"datePublished\":\"2025-09-03T12:25:36+00:00\",\"dateModified\":\"2025-09-08T07:34:35+00:00\",\"author\":{\"@id\":\"https:\\\/\\\/clinical.r-biopharm.com\\\/fr\\\/#\\\/schema\\\/person\\\/7ed897ab7a7e5c9edc6e317067a5ee66\"},\"breadcrumb\":{\"@id\":\"https:\\\/\\\/clinical.r-biopharm.com\\\/de\\\/news\\\/erhoehtes-ehec-aufkommen-in-mecklenburg-vorpommern\\\/#breadcrumb\"},\"inLanguage\":\"de\",\"potentialAction\":[{\"@type\":\"ReadAction\",\"target\":[\"https:\\\/\\\/clinical.r-biopharm.com\\\/de\\\/news\\\/erhoehtes-ehec-aufkommen-in-mecklenburg-vorpommern\\\/\"]}]},{\"@type\":\"ImageObject\",\"inLanguage\":\"de\",\"@id\":\"https:\\\/\\\/clinical.r-biopharm.com\\\/de\\\/news\\\/erhoehtes-ehec-aufkommen-in-mecklenburg-vorpommern\\\/#primaryimage\",\"url\":\"https:\\\/\\\/clinical.r-biopharm.com\\\/wp-content\\\/uploads\\\/2025\\\/09\\\/2025-09_website_news-bilder_ehec-e.-coli.jpg\",\"contentUrl\":\"https:\\\/\\\/clinical.r-biopharm.com\\\/wp-content\\\/uploads\\\/2025\\\/09\\\/2025-09_website_news-bilder_ehec-e.-coli.jpg\",\"width\":930,\"height\":339},{\"@type\":\"BreadcrumbList\",\"@id\":\"https:\\\/\\\/clinical.r-biopharm.com\\\/de\\\/news\\\/erhoehtes-ehec-aufkommen-in-mecklenburg-vorpommern\\\/#breadcrumb\",\"itemListElement\":[{\"@type\":\"ListItem\",\"position\":1,\"name\":\"Home\",\"item\":\"https:\\\/\\\/clinical.r-biopharm.com\\\/de\\\/\"},{\"@type\":\"ListItem\",\"position\":2,\"name\":\"Erh\u00f6htes EHEC-Aufkommen in Mecklenburg-Vorpommern\"}]},{\"@type\":\"WebSite\",\"@id\":\"https:\\\/\\\/clinical.r-biopharm.com\\\/fr\\\/#website\",\"url\":\"https:\\\/\\\/clinical.r-biopharm.com\\\/fr\\\/\",\"name\":\"Clinical Diagnostics\",\"description\":\"A Division of the R-Biopharm Group\",\"potentialAction\":[{\"@type\":\"SearchAction\",\"target\":{\"@type\":\"EntryPoint\",\"urlTemplate\":\"https:\\\/\\\/clinical.r-biopharm.com\\\/fr\\\/?s={search_term_string}\"},\"query-input\":{\"@type\":\"PropertyValueSpecification\",\"valueRequired\":true,\"valueName\":\"search_term_string\"}}],\"inLanguage\":\"de\"},{\"@type\":\"Person\",\"@id\":\"https:\\\/\\\/clinical.r-biopharm.com\\\/fr\\\/#\\\/schema\\\/person\\\/7ed897ab7a7e5c9edc6e317067a5ee66\",\"name\":\"Simon Schleifer\",\"image\":{\"@type\":\"ImageObject\",\"inLanguage\":\"de\",\"@id\":\"https:\\\/\\\/secure.gravatar.com\\\/avatar\\\/db33522d74ad7a98b1bc43fef933a9fb84deca41dfd8f0891ebaa7d64014c5dd?s=96&d=mm&r=g\",\"url\":\"https:\\\/\\\/secure.gravatar.com\\\/avatar\\\/db33522d74ad7a98b1bc43fef933a9fb84deca41dfd8f0891ebaa7d64014c5dd?s=96&d=mm&r=g\",\"contentUrl\":\"https:\\\/\\\/secure.gravatar.com\\\/avatar\\\/db33522d74ad7a98b1bc43fef933a9fb84deca41dfd8f0891ebaa7d64014c5dd?s=96&d=mm&r=g\",\"caption\":\"Simon Schleifer\"}}]}<\/script>\n<!-- \/ Yoast SEO plugin. -->","yoast_head_json":{"title":"Erh\u00f6htes EHEC-Aufkommen in Mecklenburg-Vorpommern - Clinical Diagnostics","robots":{"index":"index","follow":"follow","max-snippet":"max-snippet:-1","max-image-preview":"max-image-preview:large","max-video-preview":"max-video-preview:-1"},"canonical":"https:\/\/clinical.r-biopharm.com\/de\/news\/erhoehtes-ehec-aufkommen-in-mecklenburg-vorpommern\/","og_locale":"de_DE","og_type":"article","og_title":"Erh\u00f6htes EHEC-Aufkommen in Mecklenburg-Vorpommern - Clinical Diagnostics","og_description":"Aktuelle Situation: In den vergangenen Tagen sorgt ein erh\u00f6htes Aufkommen von EHEC-Infektionen in Mecklenburg-Vorpommern f\u00fcr Besorgnis. Die Erkrankung, ausgel\u00f6st durch bestimmte St\u00e4mme des Bakteriums Escherichia coli, kann insbesondere bei Kindern und immungeschw\u00e4chten Personen zu schweren Komplikationen f\u00fchren. Eine fr\u00fchzeitige Diagnose und gezielte Pr\u00e4ventionsma\u00dfnahmen sind daher von hoher Bedeutung, um die Ausbreitung einzud\u00e4mmen und die Bev\u00f6lkerung [&hellip;]","og_url":"https:\/\/clinical.r-biopharm.com\/de\/news\/erhoehtes-ehec-aufkommen-in-mecklenburg-vorpommern\/","og_site_name":"Clinical Diagnostics","article_published_time":"2025-09-03T12:25:36+00:00","article_modified_time":"2025-09-08T07:34:35+00:00","og_image":[{"width":930,"height":339,"url":"https:\/\/clinical.r-biopharm.com\/wp-content\/uploads\/2025\/09\/2025-09_website_news-bilder_ehec-e.-coli.jpg","type":"image\/jpeg"}],"author":"Simon Schleifer","twitter_misc":{"Verfasst von":"Simon Schleifer","Gesch\u00e4tzte Lesezeit":"4\u00a0Minuten"},"schema":{"@context":"https:\/\/schema.org","@graph":[{"@type":"Article","@id":"https:\/\/clinical.r-biopharm.com\/de\/news\/erhoehtes-ehec-aufkommen-in-mecklenburg-vorpommern\/#article","isPartOf":{"@id":"https:\/\/clinical.r-biopharm.com\/de\/news\/erhoehtes-ehec-aufkommen-in-mecklenburg-vorpommern\/"},"author":{"name":"Simon Schleifer","@id":"https:\/\/clinical.r-biopharm.com\/fr\/#\/schema\/person\/7ed897ab7a7e5c9edc6e317067a5ee66"},"headline":"Erh\u00f6htes EHEC-Aufkommen in Mecklenburg-Vorpommern","datePublished":"2025-09-03T12:25:36+00:00","dateModified":"2025-09-08T07:34:35+00:00","mainEntityOfPage":{"@id":"https:\/\/clinical.r-biopharm.com\/de\/news\/erhoehtes-ehec-aufkommen-in-mecklenburg-vorpommern\/"},"wordCount":729,"image":{"@id":"https:\/\/clinical.r-biopharm.com\/de\/news\/erhoehtes-ehec-aufkommen-in-mecklenburg-vorpommern\/#primaryimage"},"thumbnailUrl":"https:\/\/clinical.r-biopharm.com\/wp-content\/uploads\/2025\/09\/2025-09_website_news-bilder_ehec-e.-coli.jpg","articleSection":["Sonstige"],"inLanguage":"de"},{"@type":"WebPage","@id":"https:\/\/clinical.r-biopharm.com\/de\/news\/erhoehtes-ehec-aufkommen-in-mecklenburg-vorpommern\/","url":"https:\/\/clinical.r-biopharm.com\/de\/news\/erhoehtes-ehec-aufkommen-in-mecklenburg-vorpommern\/","name":"Erh\u00f6htes EHEC-Aufkommen in Mecklenburg-Vorpommern - Clinical Diagnostics","isPartOf":{"@id":"https:\/\/clinical.r-biopharm.com\/fr\/#website"},"primaryImageOfPage":{"@id":"https:\/\/clinical.r-biopharm.com\/de\/news\/erhoehtes-ehec-aufkommen-in-mecklenburg-vorpommern\/#primaryimage"},"image":{"@id":"https:\/\/clinical.r-biopharm.com\/de\/news\/erhoehtes-ehec-aufkommen-in-mecklenburg-vorpommern\/#primaryimage"},"thumbnailUrl":"https:\/\/clinical.r-biopharm.com\/wp-content\/uploads\/2025\/09\/2025-09_website_news-bilder_ehec-e.-coli.jpg","datePublished":"2025-09-03T12:25:36+00:00","dateModified":"2025-09-08T07:34:35+00:00","author":{"@id":"https:\/\/clinical.r-biopharm.com\/fr\/#\/schema\/person\/7ed897ab7a7e5c9edc6e317067a5ee66"},"breadcrumb":{"@id":"https:\/\/clinical.r-biopharm.com\/de\/news\/erhoehtes-ehec-aufkommen-in-mecklenburg-vorpommern\/#breadcrumb"},"inLanguage":"de","potentialAction":[{"@type":"ReadAction","target":["https:\/\/clinical.r-biopharm.com\/de\/news\/erhoehtes-ehec-aufkommen-in-mecklenburg-vorpommern\/"]}]},{"@type":"ImageObject","inLanguage":"de","@id":"https:\/\/clinical.r-biopharm.com\/de\/news\/erhoehtes-ehec-aufkommen-in-mecklenburg-vorpommern\/#primaryimage","url":"https:\/\/clinical.r-biopharm.com\/wp-content\/uploads\/2025\/09\/2025-09_website_news-bilder_ehec-e.-coli.jpg","contentUrl":"https:\/\/clinical.r-biopharm.com\/wp-content\/uploads\/2025\/09\/2025-09_website_news-bilder_ehec-e.-coli.jpg","width":930,"height":339},{"@type":"BreadcrumbList","@id":"https:\/\/clinical.r-biopharm.com\/de\/news\/erhoehtes-ehec-aufkommen-in-mecklenburg-vorpommern\/#breadcrumb","itemListElement":[{"@type":"ListItem","position":1,"name":"Home","item":"https:\/\/clinical.r-biopharm.com\/de\/"},{"@type":"ListItem","position":2,"name":"Erh\u00f6htes EHEC-Aufkommen in Mecklenburg-Vorpommern"}]},{"@type":"WebSite","@id":"https:\/\/clinical.r-biopharm.com\/fr\/#website","url":"https:\/\/clinical.r-biopharm.com\/fr\/","name":"Clinical Diagnostics","description":"A Division of the R-Biopharm Group","potentialAction":[{"@type":"SearchAction","target":{"@type":"EntryPoint","urlTemplate":"https:\/\/clinical.r-biopharm.com\/fr\/?s={search_term_string}"},"query-input":{"@type":"PropertyValueSpecification","valueRequired":true,"valueName":"search_term_string"}}],"inLanguage":"de"},{"@type":"Person","@id":"https:\/\/clinical.r-biopharm.com\/fr\/#\/schema\/person\/7ed897ab7a7e5c9edc6e317067a5ee66","name":"Simon Schleifer","image":{"@type":"ImageObject","inLanguage":"de","@id":"https:\/\/secure.gravatar.com\/avatar\/db33522d74ad7a98b1bc43fef933a9fb84deca41dfd8f0891ebaa7d64014c5dd?s=96&d=mm&r=g","url":"https:\/\/secure.gravatar.com\/avatar\/db33522d74ad7a98b1bc43fef933a9fb84deca41dfd8f0891ebaa7d64014c5dd?s=96&d=mm&r=g","contentUrl":"https:\/\/secure.gravatar.com\/avatar\/db33522d74ad7a98b1bc43fef933a9fb84deca41dfd8f0891ebaa7d64014c5dd?s=96&d=mm&r=g","caption":"Simon Schleifer"}}]}},"_links":{"self":[{"href":"https:\/\/clinical.r-biopharm.com\/de\/wp-json\/wp\/v2\/posts\/181919","targetHints":{"allow":["GET"]}}],"collection":[{"href":"https:\/\/clinical.r-biopharm.com\/de\/wp-json\/wp\/v2\/posts"}],"about":[{"href":"https:\/\/clinical.r-biopharm.com\/de\/wp-json\/wp\/v2\/types\/post"}],"author":[{"embeddable":true,"href":"https:\/\/clinical.r-biopharm.com\/de\/wp-json\/wp\/v2\/users\/1190"}],"replies":[{"embeddable":true,"href":"https:\/\/clinical.r-biopharm.com\/de\/wp-json\/wp\/v2\/comments?post=181919"}],"version-history":[{"count":21,"href":"https:\/\/clinical.r-biopharm.com\/de\/wp-json\/wp\/v2\/posts\/181919\/revisions"}],"predecessor-version":[{"id":181989,"href":"https:\/\/clinical.r-biopharm.com\/de\/wp-json\/wp\/v2\/posts\/181919\/revisions\/181989"}],"wp:featuredmedia":[{"embeddable":true,"href":"https:\/\/clinical.r-biopharm.com\/de\/wp-json\/wp\/v2\/media\/181920"}],"wp:attachment":[{"href":"https:\/\/clinical.r-biopharm.com\/de\/wp-json\/wp\/v2\/media?parent=181919"}],"wp:term":[{"taxonomy":"category","embeddable":true,"href":"https:\/\/clinical.r-biopharm.com\/de\/wp-json\/wp\/v2\/categories?post=181919"},{"taxonomy":"post_tag","embeddable":true,"href":"https:\/\/clinical.r-biopharm.com\/de\/wp-json\/wp\/v2\/tags?post=181919"}],"curies":[{"name":"wp","href":"https:\/\/api.w.org\/{rel}","templated":true}]}}